{"id":2319,"date":"2022-09-14T12:44:00","date_gmt":"2022-09-14T10:44:00","guid":{"rendered":"https:\/\/www.pianetaterrafestival.it\/?p=2319"},"modified":"2022-10-19T16:48:38","modified_gmt":"2022-10-19T14:48:38","slug":"7-ott-carlo-carraro","status":"publish","type":"post","link":"https:\/\/www.pianetaterrafestival.it\/2023\/blog\/2022\/09\/14\/7-ott-carlo-carraro\/","title":{"rendered":"7 OTT | Carlo Carraro"},"content":{"rendered":"\t\t<div data-elementor-type=\"wp-post\" data-elementor-id=\"2319\" class=\"elementor elementor-2319\">\n\t\t\t\t\t\t<section class=\"elementor-section elementor-top-section elementor-element elementor-element-e24ce2e elementor-section-boxed elementor-section-height-default elementor-section-height-default\" data-id=\"e24ce2e\" data-element_type=\"section\" data-e-type=\"section\">\n\t\t\t\t\t\t<div class=\"elementor-container elementor-column-gap-default\">\n\t\t\t\t\t<div class=\"elementor-column elementor-col-100 elementor-top-column elementor-element elementor-element-ddbc229\" data-id=\"ddbc229\" data-element_type=\"column\" data-e-type=\"column\">\n\t\t\t<div class=\"elementor-widget-wrap elementor-element-populated\">\n\t\t\t\t\t\t<div class=\"elementor-element elementor-element-0a1cf25 elementor-widget elementor-widget-spacer\" data-id=\"0a1cf25\" data-element_type=\"widget\" data-e-type=\"widget\" data-widget_type=\"spacer.default\">\n\t\t\t\t<div class=\"elementor-widget-container\">\n\t\t\t\t\t\t\t<div class=\"elementor-spacer\">\n\t\t\t<div class=\"elementor-spacer-inner\"><\/div>\n\t\t<\/div>\n\t\t\t\t\t\t<\/div>\n\t\t\t\t<\/div>\n\t\t\t\t\t<\/div>\n\t\t<\/div>\n\t\t\t\t\t<\/div>\n\t\t<\/section>\n\t\t\t\t<section class=\"elementor-section elementor-top-section elementor-element elementor-element-2cca009 elementor-section-boxed elementor-section-height-default elementor-section-height-default\" data-id=\"2cca009\" data-element_type=\"section\" data-e-type=\"section\">\n\t\t\t\t\t\t<div class=\"elementor-container elementor-column-gap-default\">\n\t\t\t\t\t<div class=\"elementor-column elementor-col-100 elementor-top-column elementor-element elementor-element-08aeab1\" data-id=\"08aeab1\" data-element_type=\"column\" data-e-type=\"column\">\n\t\t\t<div class=\"elementor-widget-wrap elementor-element-populated\">\n\t\t\t\t\t\t<div class=\"elementor-element elementor-element-ca77b55 animated-slow elementor-invisible elementor-widget elementor-widget-text-editor\" data-id=\"ca77b55\" data-element_type=\"widget\" data-e-type=\"widget\" data-settings=\"{&quot;_animation&quot;:&quot;fadeIn&quot;}\" data-widget_type=\"text-editor.default\">\n\t\t\t\t<div class=\"elementor-widget-container\">\n\t\t\t\t\t\t\t\t\t<h2>Venerd\u00ec 7 Ottobre 22<\/h2>\t\t\t\t\t\t\t\t<\/div>\n\t\t\t\t<\/div>\n\t\t\t\t\t<\/div>\n\t\t<\/div>\n\t\t\t\t\t<\/div>\n\t\t<\/section>\n\t\t\t\t<section class=\"elementor-section elementor-top-section elementor-element elementor-element-6fbb920 elementor-section-boxed elementor-section-height-default elementor-section-height-default\" data-id=\"6fbb920\" data-element_type=\"section\" data-e-type=\"section\">\n\t\t\t\t\t\t<div class=\"elementor-container elementor-column-gap-default\">\n\t\t\t\t\t<div class=\"elementor-column elementor-col-50 elementor-top-column elementor-element elementor-element-fb7bda3\" data-id=\"fb7bda3\" data-element_type=\"column\" data-e-type=\"column\">\n\t\t\t<div class=\"elementor-widget-wrap elementor-element-populated\">\n\t\t\t\t\t\t<section class=\"elementor-section elementor-inner-section elementor-element elementor-element-6c31618 elementor-section-boxed elementor-section-height-default elementor-section-height-default\" data-id=\"6c31618\" data-element_type=\"section\" data-e-type=\"section\">\n\t\t\t\t\t\t<div class=\"elementor-container elementor-column-gap-default\">\n\t\t\t\t\t<div class=\"elementor-column elementor-col-50 elementor-inner-column elementor-element elementor-element-c97cf84\" data-id=\"c97cf84\" data-element_type=\"column\" data-e-type=\"column\">\n\t\t\t<div class=\"elementor-widget-wrap elementor-element-populated\">\n\t\t\t\t\t\t<div class=\"elementor-element elementor-element-1f5ca79 elementor-view-default elementor-widget elementor-widget-icon\" data-id=\"1f5ca79\" data-element_type=\"widget\" data-e-type=\"widget\" data-widget_type=\"icon.default\">\n\t\t\t\t<div class=\"elementor-widget-container\">\n\t\t\t\t\t\t\t<div class=\"elementor-icon-wrapper\">\n\t\t\t<div class=\"elementor-icon\">\n\t\t\t<i aria-hidden=\"true\" class=\"far fa-clock\"><\/i>\t\t\t<\/div>\n\t\t<\/div>\n\t\t\t\t\t\t<\/div>\n\t\t\t\t<\/div>\n\t\t\t\t\t<\/div>\n\t\t<\/div>\n\t\t\t\t<div class=\"elementor-column elementor-col-50 elementor-inner-column elementor-element elementor-element-816af1b\" data-id=\"816af1b\" data-element_type=\"column\" data-e-type=\"column\">\n\t\t\t<div class=\"elementor-widget-wrap elementor-element-populated\">\n\t\t\t\t\t\t<div class=\"elementor-element elementor-element-c8100d8 animated-slow elementor-invisible elementor-widget elementor-widget-text-editor\" data-id=\"c8100d8\" data-element_type=\"widget\" data-e-type=\"widget\" data-settings=\"{&quot;_animation&quot;:&quot;fadeIn&quot;}\" data-widget_type=\"text-editor.default\">\n\t\t\t\t<div class=\"elementor-widget-container\">\n\t\t\t\t\t\t\t\t\t<p><strong>Ore 19.00<\/strong><\/p>\t\t\t\t\t\t\t\t<\/div>\n\t\t\t\t<\/div>\n\t\t\t\t\t<\/div>\n\t\t<\/div>\n\t\t\t\t\t<\/div>\n\t\t<\/section>\n\t\t\t\t\t<\/div>\n\t\t<\/div>\n\t\t\t\t<div class=\"elementor-column elementor-col-50 elementor-top-column elementor-element elementor-element-0050552\" data-id=\"0050552\" data-element_type=\"column\" data-e-type=\"column\">\n\t\t\t<div class=\"elementor-widget-wrap elementor-element-populated\">\n\t\t\t\t\t\t<section class=\"elementor-section elementor-inner-section elementor-element elementor-element-959d0b2 elementor-section-boxed elementor-section-height-default elementor-section-height-default\" data-id=\"959d0b2\" data-element_type=\"section\" data-e-type=\"section\">\n\t\t\t\t\t\t<div class=\"elementor-container elementor-column-gap-default\">\n\t\t\t\t\t<div class=\"elementor-column elementor-col-100 elementor-inner-column elementor-element elementor-element-82fb007\" data-id=\"82fb007\" data-element_type=\"column\" data-e-type=\"column\">\n\t\t\t<div class=\"elementor-widget-wrap\">\n\t\t\t\t\t\t\t<\/div>\n\t\t<\/div>\n\t\t\t\t\t<\/div>\n\t\t<\/section>\n\t\t\t\t\t<\/div>\n\t\t<\/div>\n\t\t\t\t\t<\/div>\n\t\t<\/section>\n\t\t\t\t<section class=\"elementor-section elementor-top-section elementor-element elementor-element-de4c85a elementor-section-boxed elementor-section-height-default elementor-section-height-default\" data-id=\"de4c85a\" data-element_type=\"section\" data-e-type=\"section\">\n\t\t\t\t\t\t<div class=\"elementor-container elementor-column-gap-default\">\n\t\t\t\t\t<div class=\"elementor-column elementor-col-100 elementor-top-column elementor-element elementor-element-cc4af3a\" data-id=\"cc4af3a\" data-element_type=\"column\" data-e-type=\"column\">\n\t\t\t<div class=\"elementor-widget-wrap elementor-element-populated\">\n\t\t\t\t\t\t<section class=\"elementor-section elementor-inner-section elementor-element elementor-element-3665ed1 elementor-section-boxed elementor-section-height-default elementor-section-height-default\" data-id=\"3665ed1\" data-element_type=\"section\" data-e-type=\"section\">\n\t\t\t\t\t\t<div class=\"elementor-container elementor-column-gap-default\">\n\t\t\t\t\t<div class=\"elementor-column elementor-col-33 elementor-inner-column elementor-element elementor-element-9a629ec\" data-id=\"9a629ec\" data-element_type=\"column\" data-e-type=\"column\">\n\t\t\t<div class=\"elementor-widget-wrap elementor-element-populated\">\n\t\t\t\t\t\t<div class=\"elementor-element elementor-element-da538ee elementor-view-default elementor-widget elementor-widget-icon\" data-id=\"da538ee\" data-element_type=\"widget\" data-e-type=\"widget\" data-widget_type=\"icon.default\">\n\t\t\t\t<div class=\"elementor-widget-container\">\n\t\t\t\t\t\t\t<div class=\"elementor-icon-wrapper\">\n\t\t\t<div class=\"elementor-icon\">\n\t\t\t<i aria-hidden=\"true\" class=\"fas fa-map-pin\"><\/i>\t\t\t<\/div>\n\t\t<\/div>\n\t\t\t\t\t\t<\/div>\n\t\t\t\t<\/div>\n\t\t\t\t\t<\/div>\n\t\t<\/div>\n\t\t\t\t<div class=\"elementor-column elementor-col-66 elementor-inner-column elementor-element elementor-element-d05c972\" data-id=\"d05c972\" data-element_type=\"column\" data-e-type=\"column\">\n\t\t\t<div class=\"elementor-widget-wrap elementor-element-populated\">\n\t\t\t\t\t\t<div class=\"elementor-element elementor-element-e21ffdd animated-slow elementor-invisible elementor-widget elementor-widget-text-editor\" data-id=\"e21ffdd\" data-element_type=\"widget\" data-e-type=\"widget\" data-settings=\"{&quot;_animation&quot;:&quot;fadeIn&quot;}\" data-widget_type=\"text-editor.default\">\n\t\t\t\t<div class=\"elementor-widget-container\">\n\t\t\t\t\t\t\t\t\t<p><a href=\"https:\/\/www.pianetaterrafestival.it\/category\/s-agora\/\"><strong>Sala Studio Agor\u00e0<\/strong><\/a><\/p>\t\t\t\t\t\t\t\t<\/div>\n\t\t\t\t<\/div>\n\t\t\t\t\t<\/div>\n\t\t<\/div>\n\t\t\t\t\t<\/div>\n\t\t<\/section>\n\t\t\t\t\t<\/div>\n\t\t<\/div>\n\t\t\t\t\t<\/div>\n\t\t<\/section>\n\t\t\t\t<section class=\"elementor-section elementor-top-section elementor-element elementor-element-7ea11e7 elementor-section-boxed elementor-section-height-default elementor-section-height-default\" data-id=\"7ea11e7\" data-element_type=\"section\" data-e-type=\"section\">\n\t\t\t\t\t\t<div class=\"elementor-container elementor-column-gap-default\">\n\t\t\t\t\t<div class=\"elementor-column elementor-col-100 elementor-top-column elementor-element elementor-element-a26b2ae\" data-id=\"a26b2ae\" data-element_type=\"column\" data-e-type=\"column\">\n\t\t\t<div class=\"elementor-widget-wrap elementor-element-populated\">\n\t\t\t\t\t\t<div class=\"elementor-element elementor-element-e3c5f51 animated-slow elementor-widget-divider--view-line elementor-invisible elementor-widget elementor-widget-divider\" data-id=\"e3c5f51\" data-element_type=\"widget\" data-e-type=\"widget\" data-settings=\"{&quot;_animation&quot;:&quot;slideInLeft&quot;}\" data-widget_type=\"divider.default\">\n\t\t\t\t<div class=\"elementor-widget-container\">\n\t\t\t\t\t\t\t<div class=\"elementor-divider\">\n\t\t\t<span class=\"elementor-divider-separator\">\n\t\t\t\t\t\t<\/span>\n\t\t<\/div>\n\t\t\t\t\t\t<\/div>\n\t\t\t\t<\/div>\n\t\t\t\t<div class=\"elementor-element elementor-element-94bd509 animated-slow elementor-invisible elementor-widget elementor-widget-text-editor\" data-id=\"94bd509\" data-element_type=\"widget\" data-e-type=\"widget\" data-settings=\"{&quot;_animation&quot;:&quot;fadeIn&quot;}\" data-widget_type=\"text-editor.default\">\n\t\t\t\t<div class=\"elementor-widget-container\">\n\t\t\t\t\t\t\t\t\t<p><strong>ASSOLO<\/strong><\/p>\t\t\t\t\t\t\t\t<\/div>\n\t\t\t\t<\/div>\n\t\t\t\t<div class=\"elementor-element elementor-element-a3ef8eb animated-slow elementor-invisible elementor-widget elementor-widget-text-editor\" data-id=\"a3ef8eb\" data-element_type=\"widget\" data-e-type=\"widget\" data-settings=\"{&quot;_animation&quot;:&quot;fadeIn&quot;}\" data-widget_type=\"text-editor.default\">\n\t\t\t\t<div class=\"elementor-widget-container\">\n\t\t\t\t\t\t\t\t\t<h2><a href=\"https:\/\/www.pianetaterrafestival.it\/relatori\/carlo-carraro\/\">Carlo Carraro<\/a><\/h2><h2>QUANTO VALE ECONOMICAMENTE LA LOTTA AL CAMBIAMENTO CLIMATICO?<\/h2>\t\t\t\t\t\t\t\t<\/div>\n\t\t\t\t<\/div>\n\t\t\t\t\t<\/div>\n\t\t<\/div>\n\t\t\t\t\t<\/div>\n\t\t<\/section>\n\t\t\t\t<section class=\"elementor-section elementor-top-section elementor-element elementor-element-9e07ab0 elementor-section-boxed elementor-section-height-default elementor-section-height-default\" data-id=\"9e07ab0\" data-element_type=\"section\" data-e-type=\"section\">\n\t\t\t\t\t\t<div class=\"elementor-container elementor-column-gap-default\">\n\t\t\t\t\t<div class=\"elementor-column elementor-col-66 elementor-top-column elementor-element elementor-element-42a8826\" data-id=\"42a8826\" data-element_type=\"column\" data-e-type=\"column\">\n\t\t\t<div class=\"elementor-widget-wrap elementor-element-populated\">\n\t\t\t\t\t\t<div class=\"elementor-element elementor-element-b31213a animated-slow elementor-hidden-desktop elementor-hidden-tablet elementor-hidden-mobile elementor-invisible elementor-widget elementor-widget-text-editor\" data-id=\"b31213a\" data-element_type=\"widget\" data-e-type=\"widget\" data-settings=\"{&quot;_animation&quot;:&quot;fadeIn&quot;}\" data-widget_type=\"text-editor.default\">\n\t\t\t\t<div class=\"elementor-widget-container\">\n\t\t\t\t\t\t\t\t\t<a href=\"https:\/\/www.pianetaterrafestival.it\/%e2%9a%ab-live\/\" class=\"presskit\" style=\"width: 60%;\">\u25cb LIVE<\/a>\t\t\t\t\t\t\t\t<\/div>\n\t\t\t\t<\/div>\n\t\t\t\t\t<\/div>\n\t\t<\/div>\n\t\t\t\t<div class=\"elementor-column elementor-col-33 elementor-top-column elementor-element elementor-element-c9b78c2\" data-id=\"c9b78c2\" data-element_type=\"column\" data-e-type=\"column\">\n\t\t\t<div class=\"elementor-widget-wrap elementor-element-populated\">\n\t\t\t\t\t\t\t<\/div>\n\t\t<\/div>\n\t\t\t\t\t<\/div>\n\t\t<\/section>\n\t\t\t\t<section class=\"elementor-section elementor-top-section elementor-element elementor-element-ac032a9 elementor-section-boxed elementor-section-height-default elementor-section-height-default\" data-id=\"ac032a9\" data-element_type=\"section\" data-e-type=\"section\">\n\t\t\t\t\t\t<div class=\"elementor-container elementor-column-gap-default\">\n\t\t\t\t\t<div class=\"elementor-column elementor-col-100 elementor-top-column elementor-element elementor-element-35d33ca\" data-id=\"35d33ca\" data-element_type=\"column\" data-e-type=\"column\">\n\t\t\t<div class=\"elementor-widget-wrap elementor-element-populated\">\n\t\t\t\t\t\t<div class=\"elementor-element elementor-element-45af1ff elementor-widget elementor-widget-spacer\" data-id=\"45af1ff\" data-element_type=\"widget\" data-e-type=\"widget\" data-widget_type=\"spacer.default\">\n\t\t\t\t<div class=\"elementor-widget-container\">\n\t\t\t\t\t\t\t<div class=\"elementor-spacer\">\n\t\t\t<div class=\"elementor-spacer-inner\"><\/div>\n\t\t<\/div>\n\t\t\t\t\t\t<\/div>\n\t\t\t\t<\/div>\n\t\t\t\t\t<\/div>\n\t\t<\/div>\n\t\t\t\t\t<\/div>\n\t\t<\/section>\n\t\t\t\t<section class=\"elementor-section elementor-top-section elementor-element elementor-element-893da24 elementor-section-boxed elementor-section-height-default elementor-section-height-default\" data-id=\"893da24\" data-element_type=\"section\" data-e-type=\"section\">\n\t\t\t\t\t\t<div class=\"elementor-container elementor-column-gap-default\">\n\t\t\t\t\t<div class=\"elementor-column elementor-col-100 elementor-top-column elementor-element elementor-element-3acb59a\" data-id=\"3acb59a\" data-element_type=\"column\" data-e-type=\"column\">\n\t\t\t<div class=\"elementor-widget-wrap elementor-element-populated\">\n\t\t\t\t\t\t<div class=\"elementor-element elementor-element-98d3d45 elementor-invisible elementor-widget elementor-widget-html\" data-id=\"98d3d45\" data-element_type=\"widget\" data-e-type=\"widget\" data-settings=\"{&quot;_animation&quot;:&quot;fadeIn&quot;}\" data-widget_type=\"html.default\">\n\t\t\t\t<div class=\"elementor-widget-container\">\n\t\t\t\t\t<div class=\"videoWrapper\"><iframe src=\"https:\/\/player.vimeo.com\/video\/761812950?h=7ec517bd7c&amp;badge=0&amp;autopause=0&amp;player_id=0&amp;app_id=58479\" frameborder=\"0\" allow=\"autoplay; fullscreen; picture-in-picture\" allowfullscreen style=\"position:absolute;top:0;left:0;width:100%;height:100%;\"><\/iframe><\/div>\n<style>\n.videoWrapper {\n\tposition: relative;\n\tpadding-bottom: 56.25%; \/* 16:9 *\/\n\tpadding-top: 25px;\n\theight: 0;\n}\n.videoWrapper iframe {\n\tposition: absolute;\n\ttop: 0;\n\tleft: 0;\n\twidth: 100%;\n\theight: 100%;\n}\n<\/style>\t\t\t\t<\/div>\n\t\t\t\t<\/div>\n\t\t\t\t\t<\/div>\n\t\t<\/div>\n\t\t\t\t\t<\/div>\n\t\t<\/section>\n\t\t\t\t<section class=\"elementor-section elementor-top-section elementor-element elementor-element-e33bc13 elementor-section-full_width elementor-section-height-default elementor-section-height-default\" data-id=\"e33bc13\" data-element_type=\"section\" data-e-type=\"section\">\n\t\t\t\t\t\t<div class=\"elementor-container elementor-column-gap-default\">\n\t\t\t\t\t<div class=\"elementor-column elementor-col-100 elementor-top-column elementor-element elementor-element-94b202b\" data-id=\"94b202b\" data-element_type=\"column\" data-e-type=\"column\">\n\t\t\t<div class=\"elementor-widget-wrap elementor-element-populated\">\n\t\t\t\t\t\t<div class=\"elementor-element elementor-element-87cea12 elementor-widget elementor-widget-spacer\" data-id=\"87cea12\" data-element_type=\"widget\" data-e-type=\"widget\" data-widget_type=\"spacer.default\">\n\t\t\t\t<div class=\"elementor-widget-container\">\n\t\t\t\t\t\t\t<div class=\"elementor-spacer\">\n\t\t\t<div class=\"elementor-spacer-inner\"><\/div>\n\t\t<\/div>\n\t\t\t\t\t\t<\/div>\n\t\t\t\t<\/div>\n\t\t\t\t<div class=\"elementor-element elementor-element-f7c8b7a elementor-invisible elementor-widget elementor-widget-shortcode\" data-id=\"f7c8b7a\" data-element_type=\"widget\" data-e-type=\"widget\" data-settings=\"{&quot;_animation&quot;:&quot;fadeIn&quot;}\" data-widget_type=\"shortcode.default\">\n\t\t\t\t<div class=\"elementor-widget-container\">\n\t\t\t\t\t\t\t<div class=\"elementor-shortcode\"><!-- Simple Share Buttons Adder (8.5.3) simplesharebuttons.com --><div class=\"ssba-classic-2 ssba ssbp-wrap aligncenter ssbp--theme-1\"><div style=\"text-align:left\"><span class=\"ssba-share-text\">Share this...<\/span><br\/><a data-site=\"facebook\" class=\"ssba_facebook_share ssba_share_link\" href=\"https:\/\/www.facebook.com\/sharer.php?t=7 OTT | Carlo Carraro&u=https:\/\/www.pianetaterrafestival.it\/2023\/wp-json\/wp\/v2\/posts\/2319\"  target=_blank  style=\"color:; background-color: ; height: 48px; width: 48px; \" ><img decoding=\"async\" src=\"https:\/\/www.pianetaterrafestival.it\/2023\/wp-content\/plugins\/simple-share-buttons-adder\/buttons\/somacro\/facebook.png\" style=\"width: 35px;\" title=\"facebook\" class=\"ssba ssba-img\" alt=\"Share on facebook\" \/><div title=\"Facebook\" class=\"ssbp-text\">Facebook<\/div><\/a><a data-site=\"pinterest\" class=\"ssba_pinterest_share ssba_share_link\" href=\"https:\/\/pinterest.com\/pin\/create\/button\/?description=7 OTT | Carlo Carraro&media=&url=https:\/\/www.pianetaterrafestival.it\/2023\/wp-json\/wp\/v2\/posts\/2319\"  target=_blank  style=\"color:; background-color: ; height: 48px; width: 48px; \" ><img decoding=\"async\" src=\"https:\/\/www.pianetaterrafestival.it\/2023\/wp-content\/plugins\/simple-share-buttons-adder\/buttons\/somacro\/pinterest.png\" style=\"width: 35px;\" title=\"pinterest\" class=\"ssba ssba-img\" alt=\"Share on pinterest\" \/><div title=\"Pinterest\" class=\"ssbp-text\">Pinterest<\/div><\/a><a data-site=\"twitter\" class=\"ssba_twitter_share ssba_share_link\" href=\"https:\/\/twitter.com\/intent\/tweet?text=7 OTT | Carlo Carraro&url=https:\/\/www.pianetaterrafestival.it\/2023\/wp-json\/wp\/v2\/posts\/2319&via=\"  target=_blank  style=\"color:; background-color: ; height: 48px; width: 48px; \" ><img decoding=\"async\" src=\"https:\/\/www.pianetaterrafestival.it\/2023\/wp-content\/plugins\/simple-share-buttons-adder\/buttons\/somacro\/twitter.png\" style=\"width: 35px;\" title=\"twitter\" class=\"ssba ssba-img\" alt=\"Share on twitter\" \/><div title=\"Twitter\" class=\"ssbp-text\">Twitter<\/div><\/a><a data-site=\"linkedin\" class=\"ssba_linkedin_share ssba_share_link\" href=\"https:\/\/www.linkedin.com\/shareArticle?title=7 OTT | Carlo Carraro&url=https:\/\/www.pianetaterrafestival.it\/2023\/wp-json\/wp\/v2\/posts\/2319\"  target=_blank  style=\"color:; background-color: ; height: 48px; width: 48px; \" ><img decoding=\"async\" src=\"https:\/\/www.pianetaterrafestival.it\/2023\/wp-content\/plugins\/simple-share-buttons-adder\/buttons\/somacro\/linkedin.png\" style=\"width: 35px;\" title=\"linkedin\" class=\"ssba ssba-img\" alt=\"Share on linkedin\" \/><div title=\"Linkedin\" class=\"ssbp-text\">Linkedin<\/div><\/a><\/div><\/div><\/div>\n\t\t\t\t\t\t<\/div>\n\t\t\t\t<\/div>\n\t\t\t\t<div class=\"elementor-element elementor-element-240914d animated-slow elementor-widget-divider--view-line elementor-invisible elementor-widget elementor-widget-divider\" data-id=\"240914d\" data-element_type=\"widget\" data-e-type=\"widget\" data-settings=\"{&quot;_animation&quot;:&quot;slideInRight&quot;}\" data-widget_type=\"divider.default\">\n\t\t\t\t<div class=\"elementor-widget-container\">\n\t\t\t\t\t\t\t<div class=\"elementor-divider\">\n\t\t\t<span class=\"elementor-divider-separator\">\n\t\t\t\t\t\t<\/span>\n\t\t<\/div>\n\t\t\t\t\t\t<\/div>\n\t\t\t\t<\/div>\n\t\t\t\t\t<\/div>\n\t\t<\/div>\n\t\t\t\t\t<\/div>\n\t\t<\/section>\n\t\t\t\t<section class=\"elementor-section elementor-top-section elementor-element elementor-element-f1864d4 elementor-section-boxed elementor-section-height-default elementor-section-height-default\" data-id=\"f1864d4\" data-element_type=\"section\" data-e-type=\"section\">\n\t\t\t\t\t\t<div class=\"elementor-container elementor-column-gap-default\">\n\t\t\t\t\t<div class=\"elementor-column elementor-col-100 elementor-top-column elementor-element elementor-element-73de23e\" data-id=\"73de23e\" data-element_type=\"column\" data-e-type=\"column\">\n\t\t\t<div class=\"elementor-widget-wrap elementor-element-populated\">\n\t\t\t\t\t\t<div class=\"elementor-element elementor-element-e992b8b animated-slow elementor-invisible elementor-widget elementor-widget-text-editor\" data-id=\"e992b8b\" data-element_type=\"widget\" data-e-type=\"widget\" data-settings=\"{&quot;_animation&quot;:&quot;fadeIn&quot;}\" data-widget_type=\"text-editor.default\">\n\t\t\t\t<div class=\"elementor-widget-container\">\n\t\t\t\t\t\t\t\t\t<h5>Descrizione\u00a0<\/h5>\t\t\t\t\t\t\t\t<\/div>\n\t\t\t\t<\/div>\n\t\t\t\t<div class=\"elementor-element elementor-element-01c3a7e elementor-widget elementor-widget-text-editor\" data-id=\"01c3a7e\" data-element_type=\"widget\" data-e-type=\"widget\" data-widget_type=\"text-editor.default\">\n\t\t\t\t<div class=\"elementor-widget-container\">\n\t\t\t\t\t\t\t\t\t<p>\u00c8 sempre pi\u00f9 evidente che il cambiamento climatico \u00e8 innanzitutto un problema sociale ed economico, con impatti estremamente rilevanti sulla crescita e sul benessere dei paesi di molte regioni del mondo. Riuscire a ridurre questi impatti, abbassando le emissioni clima alteranti, \u00e8 quindi una grande opportunit\u00e0 di sviluppo economico. Quanto sapremo coglierla? Quali sono gli investimenti necessari per riuscirci? Quanto dell\u2019impatto economico complessivo dei cambiamenti climatici pu\u00f2 ancora essere evitato?<\/p>\t\t\t\t\t\t\t\t<\/div>\n\t\t\t\t<\/div>\n\t\t\t\t<div class=\"elementor-element elementor-element-444aa95 animated-slow elementor-widget-divider--view-line elementor-invisible elementor-widget elementor-widget-divider\" data-id=\"444aa95\" data-element_type=\"widget\" data-e-type=\"widget\" data-settings=\"{&quot;_animation&quot;:&quot;fadeIn&quot;}\" data-widget_type=\"divider.default\">\n\t\t\t\t<div class=\"elementor-widget-container\">\n\t\t\t\t\t\t\t<div class=\"elementor-divider\">\n\t\t\t<span class=\"elementor-divider-separator\">\n\t\t\t\t\t\t<\/span>\n\t\t<\/div>\n\t\t\t\t\t\t<\/div>\n\t\t\t\t<\/div>\n\t\t\t\t\t<\/div>\n\t\t<\/div>\n\t\t\t\t\t<\/div>\n\t\t<\/section>\n\t\t\t\t<\/div>\n\t\t","protected":false},"excerpt":{"rendered":"<p>Venerd\u00ec 7 Ottobre 22 Ore 19.00 Sala Studio Agor\u00e0 ASSOLO Carlo Carraro QUANTO VALE ECONOMICAMENTE LA LOTTA AL CAMBIAMENTO CLIMATICO? \u25cb LIVE Descrizione\u00a0 \u00c8 sempre &hellip;<\/p>\n","protected":false},"author":4,"featured_media":0,"comment_status":"closed","ping_status":"closed","sticky":false,"template":"","format":"standard","meta":{"_acf_changed":false,"footnotes":""},"categories":[1],"tags":[],"class_list":["post-2319","post","type-post","status-publish","format-standard","hentry","category-s-agora"],"acf":[],"yoast_head":"<!-- This site is optimized with the Yoast SEO plugin v27.0 - https:\/\/yoast.com\/product\/yoast-seo-wordpress\/ -->\n<title>7 OTT | Carlo Carraro - Pianeta Terra Festival 2023<\/title>\n<meta name=\"robots\" content=\"index, follow, max-snippet:-1, max-image-preview:large, max-video-preview:-1\" \/>\n<link rel=\"canonical\" href=\"https:\/\/www.pianetaterrafestival.it\/2023\/blog\/2022\/09\/14\/7-ott-carlo-carraro\/\" \/>\n<meta property=\"og:locale\" content=\"it_IT\" \/>\n<meta property=\"og:type\" content=\"article\" \/>\n<meta property=\"og:title\" content=\"7 OTT | Carlo Carraro - Pianeta Terra Festival 2023\" \/>\n<meta property=\"og:description\" content=\"Venerd\u00ec 7 Ottobre 22 Ore 19.00 Sala Studio Agor\u00e0 ASSOLO Carlo Carraro QUANTO VALE ECONOMICAMENTE LA LOTTA AL CAMBIAMENTO CLIMATICO? \u25cb LIVE Descrizione\u00a0 \u00c8 sempre &hellip;\" \/>\n<meta property=\"og:url\" content=\"https:\/\/www.pianetaterrafestival.it\/2023\/blog\/2022\/09\/14\/7-ott-carlo-carraro\/\" \/>\n<meta property=\"og:site_name\" content=\"Pianeta Terra Festival 2023\" \/>\n<meta property=\"article:published_time\" content=\"2022-09-14T10:44:00+00:00\" \/>\n<meta property=\"article:modified_time\" content=\"2022-10-19T14:48:38+00:00\" \/>\n<meta name=\"author\" content=\"Fabrizia Conti\" \/>\n<meta name=\"twitter:card\" content=\"summary_large_image\" \/>\n<meta name=\"twitter:label1\" content=\"Scritto da\" \/>\n\t<meta name=\"twitter:data1\" content=\"Fabrizia Conti\" \/>\n\t<meta name=\"twitter:label2\" content=\"Tempo di lettura stimato\" \/>\n\t<meta name=\"twitter:data2\" content=\"2 minuti\" \/>\n<script type=\"application\/ld+json\" class=\"yoast-schema-graph\">{\"@context\":\"https:\/\/schema.org\",\"@graph\":[{\"@type\":\"Article\",\"@id\":\"https:\/\/www.pianetaterrafestival.it\/2023\/blog\/2022\/09\/14\/7-ott-carlo-carraro\/#article\",\"isPartOf\":{\"@id\":\"https:\/\/www.pianetaterrafestival.it\/2023\/blog\/2022\/09\/14\/7-ott-carlo-carraro\/\"},\"author\":{\"name\":\"Fabrizia Conti\",\"@id\":\"https:\/\/www.pianetaterrafestival.it\/2023\/#\/schema\/person\/2e3269b6a163cf004dbaf04c04e189dc\"},\"headline\":\"7 OTT | Carlo Carraro\",\"datePublished\":\"2022-09-14T10:44:00+00:00\",\"dateModified\":\"2022-10-19T14:48:38+00:00\",\"mainEntityOfPage\":{\"@id\":\"https:\/\/www.pianetaterrafestival.it\/2023\/blog\/2022\/09\/14\/7-ott-carlo-carraro\/\"},\"wordCount\":91,\"publisher\":{\"@id\":\"https:\/\/www.pianetaterrafestival.it\/2023\/#organization\"},\"articleSection\":[\"Sala Studio Agor\u00e0\"],\"inLanguage\":\"it-IT\"},{\"@type\":\"WebPage\",\"@id\":\"https:\/\/www.pianetaterrafestival.it\/2023\/blog\/2022\/09\/14\/7-ott-carlo-carraro\/\",\"url\":\"https:\/\/www.pianetaterrafestival.it\/2023\/blog\/2022\/09\/14\/7-ott-carlo-carraro\/\",\"name\":\"7 OTT | Carlo Carraro - Pianeta Terra Festival 2023\",\"isPartOf\":{\"@id\":\"https:\/\/www.pianetaterrafestival.it\/2023\/#website\"},\"datePublished\":\"2022-09-14T10:44:00+00:00\",\"dateModified\":\"2022-10-19T14:48:38+00:00\",\"breadcrumb\":{\"@id\":\"https:\/\/www.pianetaterrafestival.it\/2023\/blog\/2022\/09\/14\/7-ott-carlo-carraro\/#breadcrumb\"},\"inLanguage\":\"it-IT\",\"potentialAction\":[{\"@type\":\"ReadAction\",\"target\":[\"https:\/\/www.pianetaterrafestival.it\/2023\/blog\/2022\/09\/14\/7-ott-carlo-carraro\/\"]}]},{\"@type\":\"BreadcrumbList\",\"@id\":\"https:\/\/www.pianetaterrafestival.it\/2023\/blog\/2022\/09\/14\/7-ott-carlo-carraro\/#breadcrumb\",\"itemListElement\":[{\"@type\":\"ListItem\",\"position\":1,\"name\":\"Home\",\"item\":\"https:\/\/www.pianetaterrafestival.it\/2023\/\"},{\"@type\":\"ListItem\",\"position\":2,\"name\":\"7 OTT | Carlo Carraro\"}]},{\"@type\":\"WebSite\",\"@id\":\"https:\/\/www.pianetaterrafestival.it\/2023\/#website\",\"url\":\"https:\/\/www.pianetaterrafestival.it\/2023\/\",\"name\":\"Pianeta Terra Festival 2023\",\"description\":\"Edizione 2023\",\"publisher\":{\"@id\":\"https:\/\/www.pianetaterrafestival.it\/2023\/#organization\"},\"potentialAction\":[{\"@type\":\"SearchAction\",\"target\":{\"@type\":\"EntryPoint\",\"urlTemplate\":\"https:\/\/www.pianetaterrafestival.it\/2023\/?s={search_term_string}\"},\"query-input\":{\"@type\":\"PropertyValueSpecification\",\"valueRequired\":true,\"valueName\":\"search_term_string\"}}],\"inLanguage\":\"it-IT\"},{\"@type\":\"Organization\",\"@id\":\"https:\/\/www.pianetaterrafestival.it\/2023\/#organization\",\"name\":\"Pianeta Terra Festival 2023\",\"url\":\"https:\/\/www.pianetaterrafestival.it\/2023\/\",\"logo\":{\"@type\":\"ImageObject\",\"inLanguage\":\"it-IT\",\"@id\":\"https:\/\/www.pianetaterrafestival.it\/2023\/#\/schema\/logo\/image\/\",\"url\":\"https:\/\/www.pianetaterrafestival.it\/2023\/wp-content\/uploads\/sites\/2\/2022\/07\/cropped-cropped-logo.png\",\"contentUrl\":\"https:\/\/www.pianetaterrafestival.it\/2023\/wp-content\/uploads\/sites\/2\/2022\/07\/cropped-cropped-logo.png\",\"width\":1907,\"height\":1867,\"caption\":\"Pianeta Terra Festival 2023\"},\"image\":{\"@id\":\"https:\/\/www.pianetaterrafestival.it\/2023\/#\/schema\/logo\/image\/\"}},{\"@type\":\"Person\",\"@id\":\"https:\/\/www.pianetaterrafestival.it\/2023\/#\/schema\/person\/2e3269b6a163cf004dbaf04c04e189dc\",\"name\":\"Fabrizia Conti\",\"image\":{\"@type\":\"ImageObject\",\"inLanguage\":\"it-IT\",\"@id\":\"https:\/\/www.pianetaterrafestival.it\/2023\/#\/schema\/person\/image\/\",\"url\":\"https:\/\/secure.gravatar.com\/avatar\/45364e3e682328515f4370651951578ab03790dc3ad3d4f10f8d16b2b9ae66f8?s=96&d=mm&r=g\",\"contentUrl\":\"https:\/\/secure.gravatar.com\/avatar\/45364e3e682328515f4370651951578ab03790dc3ad3d4f10f8d16b2b9ae66f8?s=96&d=mm&r=g\",\"caption\":\"Fabrizia Conti\"},\"url\":\"https:\/\/www.pianetaterrafestival.it\/2023\/blog\/author\/fabrizia\/\"}]}<\/script>\n<!-- \/ Yoast SEO plugin. -->","yoast_head_json":{"title":"7 OTT | Carlo Carraro - Pianeta Terra Festival 2023","robots":{"index":"index","follow":"follow","max-snippet":"max-snippet:-1","max-image-preview":"max-image-preview:large","max-video-preview":"max-video-preview:-1"},"canonical":"https:\/\/www.pianetaterrafestival.it\/2023\/blog\/2022\/09\/14\/7-ott-carlo-carraro\/","og_locale":"it_IT","og_type":"article","og_title":"7 OTT | Carlo Carraro - Pianeta Terra Festival 2023","og_description":"Venerd\u00ec 7 Ottobre 22 Ore 19.00 Sala Studio Agor\u00e0 ASSOLO Carlo Carraro QUANTO VALE ECONOMICAMENTE LA LOTTA AL CAMBIAMENTO CLIMATICO? \u25cb LIVE Descrizione\u00a0 \u00c8 sempre &hellip;","og_url":"https:\/\/www.pianetaterrafestival.it\/2023\/blog\/2022\/09\/14\/7-ott-carlo-carraro\/","og_site_name":"Pianeta Terra Festival 2023","article_published_time":"2022-09-14T10:44:00+00:00","article_modified_time":"2022-10-19T14:48:38+00:00","author":"Fabrizia Conti","twitter_card":"summary_large_image","twitter_misc":{"Scritto da":"Fabrizia Conti","Tempo di lettura stimato":"2 minuti"},"schema":{"@context":"https:\/\/schema.org","@graph":[{"@type":"Article","@id":"https:\/\/www.pianetaterrafestival.it\/2023\/blog\/2022\/09\/14\/7-ott-carlo-carraro\/#article","isPartOf":{"@id":"https:\/\/www.pianetaterrafestival.it\/2023\/blog\/2022\/09\/14\/7-ott-carlo-carraro\/"},"author":{"name":"Fabrizia Conti","@id":"https:\/\/www.pianetaterrafestival.it\/2023\/#\/schema\/person\/2e3269b6a163cf004dbaf04c04e189dc"},"headline":"7 OTT | Carlo Carraro","datePublished":"2022-09-14T10:44:00+00:00","dateModified":"2022-10-19T14:48:38+00:00","mainEntityOfPage":{"@id":"https:\/\/www.pianetaterrafestival.it\/2023\/blog\/2022\/09\/14\/7-ott-carlo-carraro\/"},"wordCount":91,"publisher":{"@id":"https:\/\/www.pianetaterrafestival.it\/2023\/#organization"},"articleSection":["Sala Studio Agor\u00e0"],"inLanguage":"it-IT"},{"@type":"WebPage","@id":"https:\/\/www.pianetaterrafestival.it\/2023\/blog\/2022\/09\/14\/7-ott-carlo-carraro\/","url":"https:\/\/www.pianetaterrafestival.it\/2023\/blog\/2022\/09\/14\/7-ott-carlo-carraro\/","name":"7 OTT | Carlo Carraro - Pianeta Terra Festival 2023","isPartOf":{"@id":"https:\/\/www.pianetaterrafestival.it\/2023\/#website"},"datePublished":"2022-09-14T10:44:00+00:00","dateModified":"2022-10-19T14:48:38+00:00","breadcrumb":{"@id":"https:\/\/www.pianetaterrafestival.it\/2023\/blog\/2022\/09\/14\/7-ott-carlo-carraro\/#breadcrumb"},"inLanguage":"it-IT","potentialAction":[{"@type":"ReadAction","target":["https:\/\/www.pianetaterrafestival.it\/2023\/blog\/2022\/09\/14\/7-ott-carlo-carraro\/"]}]},{"@type":"BreadcrumbList","@id":"https:\/\/www.pianetaterrafestival.it\/2023\/blog\/2022\/09\/14\/7-ott-carlo-carraro\/#breadcrumb","itemListElement":[{"@type":"ListItem","position":1,"name":"Home","item":"https:\/\/www.pianetaterrafestival.it\/2023\/"},{"@type":"ListItem","position":2,"name":"7 OTT | Carlo Carraro"}]},{"@type":"WebSite","@id":"https:\/\/www.pianetaterrafestival.it\/2023\/#website","url":"https:\/\/www.pianetaterrafestival.it\/2023\/","name":"Pianeta Terra Festival 2023","description":"Edizione 2023","publisher":{"@id":"https:\/\/www.pianetaterrafestival.it\/2023\/#organization"},"potentialAction":[{"@type":"SearchAction","target":{"@type":"EntryPoint","urlTemplate":"https:\/\/www.pianetaterrafestival.it\/2023\/?s={search_term_string}"},"query-input":{"@type":"PropertyValueSpecification","valueRequired":true,"valueName":"search_term_string"}}],"inLanguage":"it-IT"},{"@type":"Organization","@id":"https:\/\/www.pianetaterrafestival.it\/2023\/#organization","name":"Pianeta Terra Festival 2023","url":"https:\/\/www.pianetaterrafestival.it\/2023\/","logo":{"@type":"ImageObject","inLanguage":"it-IT","@id":"https:\/\/www.pianetaterrafestival.it\/2023\/#\/schema\/logo\/image\/","url":"https:\/\/www.pianetaterrafestival.it\/2023\/wp-content\/uploads\/sites\/2\/2022\/07\/cropped-cropped-logo.png","contentUrl":"https:\/\/www.pianetaterrafestival.it\/2023\/wp-content\/uploads\/sites\/2\/2022\/07\/cropped-cropped-logo.png","width":1907,"height":1867,"caption":"Pianeta Terra Festival 2023"},"image":{"@id":"https:\/\/www.pianetaterrafestival.it\/2023\/#\/schema\/logo\/image\/"}},{"@type":"Person","@id":"https:\/\/www.pianetaterrafestival.it\/2023\/#\/schema\/person\/2e3269b6a163cf004dbaf04c04e189dc","name":"Fabrizia Conti","image":{"@type":"ImageObject","inLanguage":"it-IT","@id":"https:\/\/www.pianetaterrafestival.it\/2023\/#\/schema\/person\/image\/","url":"https:\/\/secure.gravatar.com\/avatar\/45364e3e682328515f4370651951578ab03790dc3ad3d4f10f8d16b2b9ae66f8?s=96&d=mm&r=g","contentUrl":"https:\/\/secure.gravatar.com\/avatar\/45364e3e682328515f4370651951578ab03790dc3ad3d4f10f8d16b2b9ae66f8?s=96&d=mm&r=g","caption":"Fabrizia Conti"},"url":"https:\/\/www.pianetaterrafestival.it\/2023\/blog\/author\/fabrizia\/"}]}},"_links":{"self":[{"href":"https:\/\/www.pianetaterrafestival.it\/2023\/wp-json\/wp\/v2\/posts\/2319","targetHints":{"allow":["GET"]}}],"collection":[{"href":"https:\/\/www.pianetaterrafestival.it\/2023\/wp-json\/wp\/v2\/posts"}],"about":[{"href":"https:\/\/www.pianetaterrafestival.it\/2023\/wp-json\/wp\/v2\/types\/post"}],"author":[{"embeddable":true,"href":"https:\/\/www.pianetaterrafestival.it\/2023\/wp-json\/wp\/v2\/users\/4"}],"replies":[{"embeddable":true,"href":"https:\/\/www.pianetaterrafestival.it\/2023\/wp-json\/wp\/v2\/comments?post=2319"}],"version-history":[{"count":0,"href":"https:\/\/www.pianetaterrafestival.it\/2023\/wp-json\/wp\/v2\/posts\/2319\/revisions"}],"wp:attachment":[{"href":"https:\/\/www.pianetaterrafestival.it\/2023\/wp-json\/wp\/v2\/media?parent=2319"}],"wp:term":[{"taxonomy":"category","embeddable":true,"href":"https:\/\/www.pianetaterrafestival.it\/2023\/wp-json\/wp\/v2\/categories?post=2319"},{"taxonomy":"post_tag","embeddable":true,"href":"https:\/\/www.pianetaterrafestival.it\/2023\/wp-json\/wp\/v2\/tags?post=2319"}],"curies":[{"name":"wp","href":"https:\/\/api.w.org\/{rel}","templated":true}]}}